{"id":4693,"date":"2014-09-12T14:02:06","date_gmt":"2014-09-12T12:02:06","guid":{"rendered":"https:\/\/www.restaurantespuertomarina.com\/?p=4693"},"modified":"2021-10-19T09:13:45","modified_gmt":"2021-10-19T07:13:45","slug":"festival-luna-mora-en-guaro","status":"publish","type":"post","link":"https:\/\/www.restaurantespuertomarina.com\/es\/festival-luna-mora-en-guaro\/","title":{"rendered":"Festival Luna Mora en Guaro"},"content":{"rendered":"<p><a ref=\"magnificPopup\" href=\"https:\/\/www.restaurantespuertomarina.com\/wp-content\/uploads\/2014\/09\/luna-mora.jpg\"><img loading=\"lazy\" decoding=\"async\" class=\"alignleft size-medium wp-image-4694\" src=\"https:\/\/www.restaurantespuertomarina.com\/wp-content\/uploads\/2014\/09\/luna-mora-300x199.jpg\" alt=\" Festival Luna Mora en Guaro\" width=\"300\" height=\"199\" srcset=\"https:\/\/www.restaurantespuertomarina.com\/wp-content\/uploads\/2014\/09\/luna-mora-300x199.jpg 300w, https:\/\/www.restaurantespuertomarina.com\/wp-content\/uploads\/2014\/09\/luna-mora-570x380.jpg 570w, https:\/\/www.restaurantespuertomarina.com\/wp-content\/uploads\/2014\/09\/luna-mora-500x332.jpg 500w, https:\/\/www.restaurantespuertomarina.com\/wp-content\/uploads\/2014\/09\/luna-mora-200x133.jpg 200w, https:\/\/www.restaurantespuertomarina.com\/wp-content\/uploads\/2014\/09\/luna-mora.jpg 752w, https:\/\/www.restaurantespuertomarina.com\/wp-content\/uploads\/2014\/09\/luna-mora-602x400.jpg 602w, https:\/\/www.restaurantespuertomarina.com\/wp-content\/uploads\/2014\/09\/luna-mora-350x233.jpg 350w, https:\/\/www.restaurantespuertomarina.com\/wp-content\/uploads\/2014\/09\/luna-mora-600x400.jpg 600w\" sizes=\"auto, (max-width: 300px) 100vw, 300px\" \/><\/a><\/p>\n<h2>Festival Luna Mora en Guaro<\/h2>\n<p>El pasado fin de semana dio comienzo en la villa de Guaro la XVIII edici\u00f3n del conocido <strong>Festival Luna Mora en Guaro<\/strong>, un tradicional encuentro que nos trae la m\u00fasica y cultura andalus\u00ed.<\/p>\n<p>Bajo la luz de m\u00e1s de 25000 velas repartidas por todas las calles, el <a title=\"Festival Luna Mora en Guaro\" href=\"http:\/\/www.andalucia.org\/es\/eventos\/festival-de-la-luna-mora\/\" target=\"_blank\" rel=\"noopener\">Ayuntamiento de Guaro <\/a>junto con la colaboraci\u00f3n de todos sus vecinos, desarrolla una apuesta cultural de calidad para el turismo y, pone de manifiesto la trascendencia que ha tenido la cultura andalus\u00ed desde sus or\u00edgenes hasta nuestros d\u00edas.<br \/>\nEl m\u00e1gico Auditorio de la Luna Mora tendr\u00e1 el placer de acoger en concierto este viernes 12 de septiembre a la cantaora Ni\u00f1a Pastori, y el s\u00e1bado d\u00eda 13 a los artistas Pasi\u00f3n Vega &amp; D\u00fao del Valle, dos de las actuaciones m\u00e1s esperadas por los asistentes.<br \/>\nEntre las actividades m\u00e1s destacadas que se podr\u00e1n disfrutar durante el festival se encuentran la apertura del Zoco Morisco de artesanos en las calles de la villa, los talleres de dibujo con velas en las calles del casco urbano, numerosos talleres de danza infantil o cuentos para bailar, talleres de juegos artesanales como ludopuzzle, el tradicional pasacalles morisco, espect\u00e1culos de magia infantil, talleres de henna natural\u2026 y un largo etc\u00e9tera de pasatiempos, que pondr\u00e1n en manos de todos los visitantes un particular recorrido, diferente y representativo del arabesco, por todas las calles del pueblo de Guaro.\u00a0Festival Luna Mora en Guaro.<br \/>\nLa ambientaci\u00f3n de las calles con el alumbrado natural o los cuentos evocando a la luna llena relatan reminiscencias \u00e1rabes, y nos trasportan a una cultura pasada y presente con la que poder compartir todo el fin de semana.<br \/>\nNo te olvides de hacer un hueco en tu agenda este fin de semana y, \u00a1ven a visitar el <em>Festival de la Luna Mora<\/em>!<\/p>\n","protected":false},"excerpt":{"rendered":"<p>Festival Luna Mora en Guaro El pasado fin de semana dio comienzo en la villa de Guaro la XVIII edici\u00f3n del conocido Festival Luna Mora en Guaro, un tradicional encuentro que nos trae la m\u00fasica y cultura andalus\u00ed. Bajo la luz de m\u00e1s de 25000 velas repartidas por todas las calles, el Ayuntamiento de Guaro&#8230;<\/p>\n","protected":false},"author":5,"featured_media":4697,"comment_status":"closed","ping_status":"open","sticky":false,"template":"","format":"standard","meta":{"footnotes":""},"categories":[45],"tags":[],"class_list":["post-4693","post","type-post","status-publish","format-standard","has-post-thumbnail","hentry","category-noticias"],"_links":{"self":[{"href":"https:\/\/www.restaurantespuertomarina.com\/es\/wp-json\/wp\/v2\/posts\/4693","targetHints":{"allow":["GET"]}}],"collection":[{"href":"https:\/\/www.restaurantespuertomarina.com\/es\/wp-json\/wp\/v2\/posts"}],"about":[{"href":"https:\/\/www.restaurantespuertomarina.com\/es\/wp-json\/wp\/v2\/types\/post"}],"author":[{"embeddable":true,"href":"https:\/\/www.restaurantespuertomarina.com\/es\/wp-json\/wp\/v2\/users\/5"}],"replies":[{"embeddable":true,"href":"https:\/\/www.restaurantespuertomarina.com\/es\/wp-json\/wp\/v2\/comments?post=4693"}],"version-history":[{"count":5,"href":"https:\/\/www.restaurantespuertomarina.com\/es\/wp-json\/wp\/v2\/posts\/4693\/revisions"}],"predecessor-version":[{"id":12037,"href":"https:\/\/www.restaurantespuertomarina.com\/es\/wp-json\/wp\/v2\/posts\/4693\/revisions\/12037"}],"wp:featuredmedia":[{"embeddable":true,"href":"https:\/\/www.restaurantespuertomarina.com\/es\/wp-json\/wp\/v2\/media\/4697"}],"wp:attachment":[{"href":"https:\/\/www.restaurantespuertomarina.com\/es\/wp-json\/wp\/v2\/media?parent=4693"}],"wp:term":[{"taxonomy":"category","embeddable":true,"href":"https:\/\/www.restaurantespuertomarina.com\/es\/wp-json\/wp\/v2\/categories?post=4693"},{"taxonomy":"post_tag","embeddable":true,"href":"https:\/\/www.restaurantespuertomarina.com\/es\/wp-json\/wp\/v2\/tags?post=4693"}],"curies":[{"name":"wp","href":"https:\/\/api.w.org\/{rel}","templated":true}]}}