{"id":4043,"date":"2014-06-05T18:43:50","date_gmt":"2014-06-05T16:43:50","guid":{"rendered":"https:\/\/www.restaurantespuertomarina.com\/?p=4043"},"modified":"2014-06-06T10:27:21","modified_gmt":"2014-06-06T08:27:21","slug":"celebracion-del-dia-del-corpus-christi-2014-en-benalmadena","status":"publish","type":"post","link":"https:\/\/www.restaurantespuertomarina.com\/es\/celebracion-del-dia-del-corpus-christi-2014-en-benalmadena\/","title":{"rendered":"Celebraci\u00f3n del D\u00eda del Corpus Christi 2014 en Benalm\u00e1dena"},"content":{"rendered":"<p style=\"text-align: justify;\"><a ref=\"magnificPopup\" href=\"https:\/\/www.restaurantespuertomarina.com\/wp-content\/uploads\/2014\/06\/benalmadena-corpus-christi2.jpeg\"><img loading=\"lazy\" decoding=\"async\" class=\"alignleft size-full wp-image-4044\" src=\"https:\/\/www.restaurantespuertomarina.com\/wp-content\/uploads\/2014\/06\/benalmadena-corpus-christi2.jpeg\" alt=\"benalmadena corpus christi\" width=\"240\" height=\"320\" srcset=\"https:\/\/www.restaurantespuertomarina.com\/wp-content\/uploads\/2014\/06\/benalmadena-corpus-christi2.jpeg 240w, https:\/\/www.restaurantespuertomarina.com\/wp-content\/uploads\/2014\/06\/benalmadena-corpus-christi2-225x300.jpeg 225w, https:\/\/www.restaurantespuertomarina.com\/wp-content\/uploads\/2014\/06\/benalmadena-corpus-christi2-99x133.jpeg 99w\" sizes=\"auto, (max-width: 240px) 100vw, 240px\" \/><\/a>Este a\u00f1o la celebraci\u00f3n del d\u00eda del\u00a0<strong>Celebraci\u00f3n del D\u00eda del Corpus Christi 2014 en Benalm\u00e1dena<\/strong> tiene lugar el jueves 19 de Junio, siempre sesenta d\u00edas despu\u00e9s del domingo de Resurrecci\u00f3n para la Iglesia Cat\u00f3lica. En Espa\u00f1a habitualmente siempre cae en jueves y por ello, se traslada al siguiente domingo.<\/p>\n<p style=\"text-align: justify;\"><strong>Benalm\u00e1dena<\/strong> es una localidad donde se celebran numerosos festivales, ferias, romer\u00edas y otros muchos festejos culturales tradicionales.<br \/>\nLa principal costumbre de este evento es engalanar las calles con alfombras florales, bellos altares, claveles y otros tallos para el paso de la <strong>procesi\u00f3n del Corpus<\/strong>. Todos estos ornamentos son cuidadosamente confeccionados cada a\u00f1o por los vecinos de manera voluntaria, el pasado a\u00f1o durante la madrugada del s\u00e1bado al domingo se prepararon m\u00e1s de 72.000 claveles para el paso de la Custodia.<\/p>\n<p style=\"text-align: justify;\">Durante la celebraci\u00f3n del <strong>Corpus Christi Benalm\u00e1dena<\/strong> llena sus calles fragancias, colores y luces, junto con un p\u00fablico que se da cita para disfrutar la procesi\u00f3n donde la hostia se exhibe en una custodia y se proclama as\u00ed la fe de los cat\u00f3licos en presencia del cuerpo real de Jesucristo.<\/p>\n<p style=\"text-align: justify;\">Durante la ma\u00f1ana desde la Iglesia Virgen del Carmen de Benalm\u00e1dena Costa, parte la procesi\u00f3n del <strong>Corpus Christi<\/strong>, tradicionalmente acompa\u00f1ada de la banda de tambores y cornetas de La Fusionada de M\u00e1laga. En su recorrido la atenci\u00f3n recae sobre las principales v\u00edas del pueblo, donde los visitantes y locales disfrutan cada a\u00f1o de la llamativa alfombra floral de Calle Real. Por la tarde, la procesi\u00f3n del <strong>Corpus Christi<\/strong> continua en Arroyo de la Miel en torno a las 20:15 horas, con salida desde la Iglesia Inmaculada Concepci\u00f3n.<\/p>\n<p style=\"text-align: justify;\">Esta multitudinaria acogida del evento en Benalm\u00e1dena hace que cada a\u00f1o aumente el n\u00famero de visitantes en Benalm\u00e1dena pueblo y Arroyo de la Miel, fomentando as\u00ed nuestras costumbres m\u00e1s populares. Una tradicional celebraci\u00f3n que desde hace m\u00e1s de 25 a\u00f1os cuenta con el apoyo de todos los vecinos y organizaciones en Benalm\u00e1dena para garantizar el deleite de todos sus asistentes.<\/p>\n","protected":false},"excerpt":{"rendered":"<p>Este a\u00f1o la celebraci\u00f3n del d\u00eda del\u00a0Celebraci\u00f3n del D\u00eda del Corpus Christi 2014 en Benalm\u00e1dena tiene lugar el jueves 19 de Junio, siempre sesenta d\u00edas despu\u00e9s del domingo de Resurrecci\u00f3n para la Iglesia Cat\u00f3lica. En Espa\u00f1a habitualmente siempre cae en jueves y por ello, se traslada al siguiente domingo. Benalm\u00e1dena es una localidad donde se&#8230;<\/p>\n","protected":false},"author":5,"featured_media":4044,"comment_status":"closed","ping_status":"closed","sticky":false,"template":"","format":"standard","meta":{"footnotes":""},"categories":[45],"tags":[],"class_list":["post-4043","post","type-post","status-publish","format-standard","has-post-thumbnail","hentry","category-noticias"],"_links":{"self":[{"href":"https:\/\/www.restaurantespuertomarina.com\/es\/wp-json\/wp\/v2\/posts\/4043","targetHints":{"allow":["GET"]}}],"collection":[{"href":"https:\/\/www.restaurantespuertomarina.com\/es\/wp-json\/wp\/v2\/posts"}],"about":[{"href":"https:\/\/www.restaurantespuertomarina.com\/es\/wp-json\/wp\/v2\/types\/post"}],"author":[{"embeddable":true,"href":"https:\/\/www.restaurantespuertomarina.com\/es\/wp-json\/wp\/v2\/users\/5"}],"replies":[{"embeddable":true,"href":"https:\/\/www.restaurantespuertomarina.com\/es\/wp-json\/wp\/v2\/comments?post=4043"}],"version-history":[{"count":3,"href":"https:\/\/www.restaurantespuertomarina.com\/es\/wp-json\/wp\/v2\/posts\/4043\/revisions"}],"predecessor-version":[{"id":4050,"href":"https:\/\/www.restaurantespuertomarina.com\/es\/wp-json\/wp\/v2\/posts\/4043\/revisions\/4050"}],"wp:featuredmedia":[{"embeddable":true,"href":"https:\/\/www.restaurantespuertomarina.com\/es\/wp-json\/wp\/v2\/media\/4044"}],"wp:attachment":[{"href":"https:\/\/www.restaurantespuertomarina.com\/es\/wp-json\/wp\/v2\/media?parent=4043"}],"wp:term":[{"taxonomy":"category","embeddable":true,"href":"https:\/\/www.restaurantespuertomarina.com\/es\/wp-json\/wp\/v2\/categories?post=4043"},{"taxonomy":"post_tag","embeddable":true,"href":"https:\/\/www.restaurantespuertomarina.com\/es\/wp-json\/wp\/v2\/tags?post=4043"}],"curies":[{"name":"wp","href":"https:\/\/api.w.org\/{rel}","templated":true}]}}